{"id":7461,"date":"2020-03-27T18:12:55","date_gmt":"2020-03-27T16:12:55","guid":{"rendered":"https:\/\/www.psv-velbert.de\/?p=7461"},"modified":"2020-03-27T18:12:55","modified_gmt":"2020-03-27T16:12:55","slug":"ein-lichtblick-in-zeiten-der-corona-virus-krise-die-tennisabteilung-bekommt-einen-investitionszuschuss","status":"publish","type":"post","link":"https:\/\/www.psv-velbert.de\/?p=7461","title":{"rendered":"Ein Lichtblick in Zeiten der Corona-Virus-Krise!            Die Tennisabteilung bekommt einen Investitionszuschuss."},"content":{"rendered":"\n<p><\/p>\n\n\n\n<p><\/p>\n\n\n\n<figure class=\"wp-block-image size-large\"><img loading=\"lazy\" decoding=\"async\" width=\"590\" height=\"463\" src=\"https:\/\/www.psv-velbert.de\/wp-content\/uploads\/2020\/03\/tennis-sanierung.jpg\" alt=\"\" class=\"wp-image-7462\" srcset=\"https:\/\/www.psv-velbert.de\/wp-content\/uploads\/2020\/03\/tennis-sanierung.jpg 590w, https:\/\/www.psv-velbert.de\/wp-content\/uploads\/2020\/03\/tennis-sanierung-300x235.jpg 300w\" sizes=\"auto, (max-width: 590px) 100vw, 590px\" \/><\/figure>\n\n\n\n<p>Am Dienstag (24.03.2020) erhielt ich von der\nStaatssekret\u00e4rin Andrea Milz eine E-Mail:<br>\n\u201eIch freue mich, dass wir mit den nun erteilten F\u00f6rderentscheidungen unseren\nVereinen tatkr\u00e4ftig unter die Arme greifen k\u00f6nnen. Wir haben uns zum Ziel\ngesetzt, einen sp\u00fcrbaren Beitrag zur Modernisierung unserer Sportst\u00e4tten in\nNordrhein-Westfalen zu leisten. Dies ist uns mit diesem F\u00f6rderprogramm\ngelungen. Nun k\u00f6nnen wir den Sanierungsstau deutlich reduzieren.\u201c<\/p>\n\n\n\n<p>F\u00fcr unsere Tennisabteilung bedeutet diese Nachricht, dass\nman mit der Sanierung der Tennispl\u00e4tze begonnen werden kann.<\/p>\n\n\n\n<p>Nach langj\u00e4hriger Nutzung bedarf es vorrangig der Sanierung\ndes Platz 2. Das Land NRW wird uns daf\u00fcr, aus dem F\u00f6rderprogramm \u201eModerne\nSportst\u00e4tten 2020\u201c, einen Betrag vom 13.500 Euro zur Verf\u00fcgung stellen. Damit\nk\u00f6nnen 92% der Gesamtkosten der Ma\u00dfnahme finanziert werden.<\/p>\n\n\n\n<p>Nach R\u00fccksprache mit Markus Rohter, dem Abteilungsleiter Tennis,\nwird mit den Arbeiten bereits im April\/Mai 2020 begonnen.<\/p>\n\n\n\n<p>F\u00fcr die Mitglieder der Tennisabteilung ein Grund mehr, sich auf die Open-Air-Saison zu freuen!<\/p>\n\n\n\n<p><\/p>\n\n\n\n<h2 class=\"wp-block-heading\"><\/h2>\n","protected":false},"excerpt":{"rendered":"<p>Am Dienstag (24.03.2020) erhielt ich von der Staatssekret\u00e4rin Andrea Milz eine E-Mail: \u201eIch freue mich, dass wir mit den nun erteilten F\u00f6rderentscheidungen unseren Vereinen tatkr\u00e4ftig unter die Arme greifen k\u00f6nnen. Wir haben uns zum Ziel gesetzt, einen sp\u00fcrbaren Beitrag zur Modernisierung unserer Sportst\u00e4tten in Nordrhein-Westfalen zu leisten. Dies ist uns mit diesem F\u00f6rderprogramm gelungen. Nun&#8230;<\/p>\n","protected":false},"author":2,"featured_media":0,"comment_status":"closed","ping_status":"closed","sticky":false,"template":"","format":"standard","meta":{"ngg_post_thumbnail":0,"_kad_post_transparent":"","_kad_post_title":"","_kad_post_layout":"","_kad_post_sidebar_id":"","_kad_post_content_style":"","_kad_post_vertical_padding":"","_kad_post_feature":"","_kad_post_feature_position":"","_kad_post_header":false,"_kad_post_footer":false,"_kad_post_classname":"","footnotes":""},"categories":[1],"tags":[],"class_list":["post-7461","post","type-post","status-publish","format-standard","hentry","category-allgemein"],"_links":{"self":[{"href":"https:\/\/www.psv-velbert.de\/index.php?rest_route=\/wp\/v2\/posts\/7461","targetHints":{"allow":["GET"]}}],"collection":[{"href":"https:\/\/www.psv-velbert.de\/index.php?rest_route=\/wp\/v2\/posts"}],"about":[{"href":"https:\/\/www.psv-velbert.de\/index.php?rest_route=\/wp\/v2\/types\/post"}],"author":[{"embeddable":true,"href":"https:\/\/www.psv-velbert.de\/index.php?rest_route=\/wp\/v2\/users\/2"}],"replies":[{"embeddable":true,"href":"https:\/\/www.psv-velbert.de\/index.php?rest_route=%2Fwp%2Fv2%2Fcomments&post=7461"}],"version-history":[{"count":5,"href":"https:\/\/www.psv-velbert.de\/index.php?rest_route=\/wp\/v2\/posts\/7461\/revisions"}],"predecessor-version":[{"id":7467,"href":"https:\/\/www.psv-velbert.de\/index.php?rest_route=\/wp\/v2\/posts\/7461\/revisions\/7467"}],"wp:attachment":[{"href":"https:\/\/www.psv-velbert.de\/index.php?rest_route=%2Fwp%2Fv2%2Fmedia&parent=7461"}],"wp:term":[{"taxonomy":"category","embeddable":true,"href":"https:\/\/www.psv-velbert.de\/index.php?rest_route=%2Fwp%2Fv2%2Fcategories&post=7461"},{"taxonomy":"post_tag","embeddable":true,"href":"https:\/\/www.psv-velbert.de\/index.php?rest_route=%2Fwp%2Fv2%2Ftags&post=7461"}],"curies":[{"name":"wp","href":"https:\/\/api.w.org\/{rel}","templated":true}]}}