{"id":4557,"date":"2014-09-21T08:07:58","date_gmt":"2014-09-21T06:07:58","guid":{"rendered":"http:\/\/www.psv-velbert.de\/?p=4557"},"modified":"2014-09-21T08:07:58","modified_gmt":"2014-09-21T06:07:58","slug":"wandern-zum-oefterwald","status":"publish","type":"post","link":"https:\/\/www.psv-velbert.de\/?p=4557","title":{"rendered":"Wandern zum Oefterwald"},"content":{"rendered":"<p><img loading=\"lazy\" decoding=\"async\" class=\"aligncenter size-medium wp-image-4558\" src=\"http:\/\/www.psv-velbert.de\/wp-content\/uploads\/2014\/09\/DSC_3806-300x200.jpg\" alt=\"DSC_3806\" width=\"300\" height=\"200\" srcset=\"https:\/\/www.psv-velbert.de\/wp-content\/uploads\/2014\/09\/DSC_3806-300x200.jpg 300w, https:\/\/www.psv-velbert.de\/wp-content\/uploads\/2014\/09\/DSC_3806-120x80.jpg 120w, https:\/\/www.psv-velbert.de\/wp-content\/uploads\/2014\/09\/DSC_3806-1024x685.jpg 1024w\" sizes=\"auto, (max-width: 300px) 100vw, 300px\" \/><\/p>\n<p>Das Wandern erfreut sich auch bei den Postsportlern immer gr\u00f6\u00dferer Beliebtheit. In unterschiedlichen Gruppen wandern unsere Mitglieder mehr oder weniger regelm\u00e4\u00dfig.<br \/>\n.<br \/>\nDer Vorstand m\u00f6chte all diese Gruppen gerne einmal vereinigen und auch die anderen Mitglieder und Freunde des Vereins einladen einmal gemeinsam mit uns eine Wanderung zu unternehmen.<br \/>\n.<br \/>\nWir haben uns als Ziel das idyllisch gelegene Landgasthaus \u201eOefter Wald\u201c ausgew\u00e4hlt.<br \/>\n.<br \/>\n.<img loading=\"lazy\" decoding=\"async\" class=\"aligncenter size-medium wp-image-4561\" src=\"http:\/\/www.psv-velbert.de\/wp-content\/uploads\/2014\/09\/DSC_3802-300x200.jpg\" alt=\"DSC_3802\" width=\"300\" height=\"200\" srcset=\"https:\/\/www.psv-velbert.de\/wp-content\/uploads\/2014\/09\/DSC_3802-300x200.jpg 300w, https:\/\/www.psv-velbert.de\/wp-content\/uploads\/2014\/09\/DSC_3802-120x80.jpg 120w, https:\/\/www.psv-velbert.de\/wp-content\/uploads\/2014\/09\/DSC_3802-1024x685.jpg 1024w\" sizes=\"auto, (max-width: 300px) 100vw, 300px\" \/>.<br \/>\n.<strong><span style=\"text-decoration: underline;\"><br \/>\nEinzelheiten<\/span><\/strong><\/p>\n<p>&nbsp;<\/p>\n<p>Am Samstag, den <strong>25. Oktober 2014 <\/strong>wollen wir um<strong> 14:00 Uhr<\/strong> los gehen.<br \/>\n.<br \/>\nWir treffen uns auf dem Parkplatz unter der Saubr\u00fccke.<br \/>\n.<br \/>\nBitte meldet Euch bis zum <strong>12. Oktober<\/strong> bei Euren Abteilungsleitern oder beim Vorstand an.<\/p>\n<p><span style=\"text-decoration: underline;\"><strong>Verschiedenes<\/strong><\/span><\/p>\n<p>Die gesamte Wanderstrecke ist in einer Zeit von circa zwei Stunden zu bew\u00e4ltigen. Auf halber Wegstrecke werden wir Rasten und es wird Euch ein Getr\u00e4nk gereicht.<br \/>\nDie Wegstrecke ist teilweise recht steinig, deswegen empfehle ich Euch festes Schuhwerk zu tragen. Leider ist der Wanderweg f\u00fcr Kinderwaagen nicht geeignet.<br \/>\nAm Ziel werden wir, wenn es das Wetter zul\u00e4sst, im Biergarten ausreichend Sitzpl\u00e4tze finden.<\/p>\n<p><img loading=\"lazy\" decoding=\"async\" class=\"aligncenter size-medium wp-image-4560\" src=\"http:\/\/www.psv-velbert.de\/wp-content\/uploads\/2014\/09\/DSC_3803-300x200.jpg\" alt=\"DSC_3803\" width=\"300\" height=\"200\" srcset=\"https:\/\/www.psv-velbert.de\/wp-content\/uploads\/2014\/09\/DSC_3803-300x200.jpg 300w, https:\/\/www.psv-velbert.de\/wp-content\/uploads\/2014\/09\/DSC_3803-120x80.jpg 120w, https:\/\/www.psv-velbert.de\/wp-content\/uploads\/2014\/09\/DSC_3803-1024x685.jpg 1024w\" sizes=\"auto, (max-width: 300px) 100vw, 300px\" \/><\/p>\n<p>Alternativ werden wir in die Gastr\u00e4ume ausweichen.<br \/>\nIn der Gastst\u00e4tte l\u00e4sst es sich zu zivilen Preisen sehr gut speisen. Die Getr\u00e4nke gehen an diesem Tag zu Lasten des Vorstands.<\/p>\n<p>Ich freue mich schon Euch recht zahlreich begr\u00fc\u00dfen zu d\u00fcrfen!<\/p>\n<p>Euer<br \/>\nHarald Gaude<br \/>\n1. Vorsitzender<\/p>\n<p>Hier noch einmal die Zusammenfassung:<\/p>\n<p><a href=\"http:\/\/www.psv-velbert.de\/wp-content\/uploads\/2014\/09\/Einladung-zum-Wandertag.pdf\" target=\"_blank\">Einladung zum Wandertag<\/a><br \/>\n<a href=\"http:\/\/www.psv-velbert.de\/wp-content\/uploads\/2014\/09\/R\u00fcckfahrm\u00f6glichkeit.pdf\" target=\"_blank\">R\u00fcckfahrm\u00f6glichkeit<\/a><\/p>\n<p>&nbsp;<\/p>\n","protected":false},"excerpt":{"rendered":"<p>Das Wandern erfreut sich auch bei den Postsportlern immer gr\u00f6\u00dferer Beliebtheit. In unterschiedlichen Gruppen wandern unsere Mitglieder mehr oder weniger regelm\u00e4\u00dfig. . Der Vorstand m\u00f6chte all diese Gruppen gerne einmal vereinigen und auch die anderen Mitglieder und Freunde des Vereins einladen einmal gemeinsam mit uns eine Wanderung zu unternehmen. . Wir haben uns als Ziel&#8230;<\/p>\n","protected":false},"author":2,"featured_media":0,"comment_status":"closed","ping_status":"closed","sticky":false,"template":"","format":"standard","meta":{"ngg_post_thumbnail":0,"_kad_post_transparent":"","_kad_post_title":"","_kad_post_layout":"","_kad_post_sidebar_id":"","_kad_post_content_style":"","_kad_post_vertical_padding":"","_kad_post_feature":"","_kad_post_feature_position":"","_kad_post_header":false,"_kad_post_footer":false,"_kad_post_classname":"","footnotes":""},"categories":[1],"tags":[],"class_list":["post-4557","post","type-post","status-publish","format-standard","hentry","category-allgemein"],"_links":{"self":[{"href":"https:\/\/www.psv-velbert.de\/index.php?rest_route=\/wp\/v2\/posts\/4557","targetHints":{"allow":["GET"]}}],"collection":[{"href":"https:\/\/www.psv-velbert.de\/index.php?rest_route=\/wp\/v2\/posts"}],"about":[{"href":"https:\/\/www.psv-velbert.de\/index.php?rest_route=\/wp\/v2\/types\/post"}],"author":[{"embeddable":true,"href":"https:\/\/www.psv-velbert.de\/index.php?rest_route=\/wp\/v2\/users\/2"}],"replies":[{"embeddable":true,"href":"https:\/\/www.psv-velbert.de\/index.php?rest_route=%2Fwp%2Fv2%2Fcomments&post=4557"}],"version-history":[{"count":17,"href":"https:\/\/www.psv-velbert.de\/index.php?rest_route=\/wp\/v2\/posts\/4557\/revisions"}],"predecessor-version":[{"id":4580,"href":"https:\/\/www.psv-velbert.de\/index.php?rest_route=\/wp\/v2\/posts\/4557\/revisions\/4580"}],"wp:attachment":[{"href":"https:\/\/www.psv-velbert.de\/index.php?rest_route=%2Fwp%2Fv2%2Fmedia&parent=4557"}],"wp:term":[{"taxonomy":"category","embeddable":true,"href":"https:\/\/www.psv-velbert.de\/index.php?rest_route=%2Fwp%2Fv2%2Fcategories&post=4557"},{"taxonomy":"post_tag","embeddable":true,"href":"https:\/\/www.psv-velbert.de\/index.php?rest_route=%2Fwp%2Fv2%2Ftags&post=4557"}],"curies":[{"name":"wp","href":"https:\/\/api.w.org\/{rel}","templated":true}]}}