{"id":2870,"date":"2013-01-27T18:52:46","date_gmt":"2013-01-27T16:52:46","guid":{"rendered":"http:\/\/www.psv-velbert.de\/?p=2870"},"modified":"2013-01-27T18:57:09","modified_gmt":"2013-01-27T16:57:09","slug":"neujahrsempfang-2013-wieder-in-der-kleinen-schweiz","status":"publish","type":"post","link":"https:\/\/www.psv-velbert.de\/?p=2870","title":{"rendered":"Neujahrsempfang 2013 wieder in der \u201eKleinen Schweiz\u201c"},"content":{"rendered":"<p>In diesen Jahren fanden sich fast siebzig Mitglieder der verschiedenen Abteilungen des PSV zum allj\u00e4hrlichen Neujahrsempfang in der \u201eKleinen Schweiz\u201c ein. Sogar der Wettergott hatte ein einsehen, denn es kam nicht zu dem angek\u00fcndigten Blitzeis auf den Stra\u00dfen und B\u00fcrgersteigen. Das Team des Restaurants, unter der Leitung der Eheleute Wiehoff, hat wieder einmal Alles daf\u00fcr getan, dass wir Postsportler uns wohl f\u00fchlen konnten.<\/p>\n<p>.<\/p>\n<p><img loading=\"lazy\" decoding=\"async\" class=\"alignleft size-medium wp-image-2871\" alt=\"Kaffeetafel\" src=\"http:\/\/www.psv-velbert.de\/wp-content\/uploads\/2013\/01\/Kaffeetafel-200x300.jpg\" width=\"200\" height=\"300\" srcset=\"https:\/\/www.psv-velbert.de\/wp-content\/uploads\/2013\/01\/Kaffeetafel-200x300.jpg 200w, https:\/\/www.psv-velbert.de\/wp-content\/uploads\/2013\/01\/Kaffeetafel.jpg 514w\" sizes=\"auto, (max-width: 200px) 100vw, 200px\" \/><\/p>\n<p>.<\/p>\n<p>Nachdem man sich ausgiebig an der \u201eBergischen Kaffeetafel\u201c gest\u00e4rkt hat, lauschte man noch den kurzen Worten des 1. Vorsitzenden Harald Gaude. Er bedankte sich f\u00fcr das zahlreiche Erscheinen, und k\u00fcndigte gleichzeitig an, dass in diesem Jahr wieder ein \u201eAktivity Tag\u201c stattfinden wird. Er w\u00fcrde sich dar\u00fcber freuen, wenn er im April dort mindestens genauso viele Mitglieder begr\u00fc\u00dfen k\u00f6nnte.<\/p>\n<p>.<\/p>\n<p><a href=\"http:\/\/www.psv-velbert.de\/wp-content\/uploads\/2013\/01\/Karin-Rottmann.jpg\" target=\"_blank\"><img loading=\"lazy\" decoding=\"async\" class=\"alignleft size-medium wp-image-2874\" alt=\"Karin Rottmann\" src=\"http:\/\/www.psv-velbert.de\/wp-content\/uploads\/2013\/01\/Karin-Rottmann-300x200.jpg\" width=\"300\" height=\"200\" srcset=\"https:\/\/www.psv-velbert.de\/wp-content\/uploads\/2013\/01\/Karin-Rottmann-300x200.jpg 300w, https:\/\/www.psv-velbert.de\/wp-content\/uploads\/2013\/01\/Karin-Rottmann-120x80.jpg 120w, https:\/\/www.psv-velbert.de\/wp-content\/uploads\/2013\/01\/Karin-Rottmann.jpg 1024w\" sizes=\"auto, (max-width: 300px) 100vw, 300px\" \/><\/a><\/p>\n<p>Anschlie\u00dfend bedankte er sich bei Karin Rottmann aus der Tennisabteilung, dass sie dem Verein f\u00fcnfundzwanzig Jahre die Treue gehalten hat.<\/p>\n<p>.<\/p>\n<p><a href=\"http:\/\/www.psv-velbert.de\/wp-content\/uploads\/2013\/01\/Ortwin-L\u00f6hr.jpg\" target=\"_blank\"><img loading=\"lazy\" decoding=\"async\" class=\"alignleft size-medium wp-image-2880\" alt=\"Ortwin L\u00f6hr\" src=\"http:\/\/www.psv-velbert.de\/wp-content\/uploads\/2013\/01\/Ortwin-L\u00f6hr-300x200.jpg\" width=\"300\" height=\"200\" srcset=\"https:\/\/www.psv-velbert.de\/wp-content\/uploads\/2013\/01\/Ortwin-L\u00f6hr-300x200.jpg 300w, https:\/\/www.psv-velbert.de\/wp-content\/uploads\/2013\/01\/Ortwin-L\u00f6hr-120x80.jpg 120w, https:\/\/www.psv-velbert.de\/wp-content\/uploads\/2013\/01\/Ortwin-L\u00f6hr.jpg 1024w\" sizes=\"auto, (max-width: 300px) 100vw, 300px\" \/><\/a>.<\/p>\n<p>Das Urgestein der Fu\u00dfballabteilung, Ortwin L\u00f6hr, ist sogar schon vierzig Jahre Mitglied im Verein. In jungen Jahren als Spieler, Heute ist er die gute Seele der Abteilung.<\/p>\n<p>.<\/p>\n<p>Hier f\u00fcr Alle, die nicht an der Veranstaltung teilnehmen konnten, ein paar Bilder.<\/p>\n<p>.<\/p>\nngg_shortcode_0_placeholder\n","protected":false},"excerpt":{"rendered":"<p>In diesen Jahren fanden sich fast siebzig Mitglieder der verschiedenen Abteilungen des PSV zum allj\u00e4hrlichen Neujahrsempfang in der \u201eKleinen Schweiz\u201c ein. Sogar der Wettergott hatte ein einsehen, denn es kam nicht zu dem angek\u00fcndigten Blitzeis auf den Stra\u00dfen und B\u00fcrgersteigen. Das Team des Restaurants, unter der Leitung der Eheleute Wiehoff, hat wieder einmal Alles daf\u00fcr&#8230;<\/p>\n","protected":false},"author":2,"featured_media":0,"comment_status":"closed","ping_status":"closed","sticky":false,"template":"","format":"standard","meta":{"ngg_post_thumbnail":0,"_kad_post_transparent":"","_kad_post_title":"","_kad_post_layout":"","_kad_post_sidebar_id":"","_kad_post_content_style":"","_kad_post_vertical_padding":"","_kad_post_feature":"","_kad_post_feature_position":"","_kad_post_header":false,"_kad_post_footer":false,"_kad_post_classname":"","footnotes":""},"categories":[1],"tags":[],"class_list":["post-2870","post","type-post","status-publish","format-standard","hentry","category-allgemein"],"_links":{"self":[{"href":"https:\/\/www.psv-velbert.de\/index.php?rest_route=\/wp\/v2\/posts\/2870","targetHints":{"allow":["GET"]}}],"collection":[{"href":"https:\/\/www.psv-velbert.de\/index.php?rest_route=\/wp\/v2\/posts"}],"about":[{"href":"https:\/\/www.psv-velbert.de\/index.php?rest_route=\/wp\/v2\/types\/post"}],"author":[{"embeddable":true,"href":"https:\/\/www.psv-velbert.de\/index.php?rest_route=\/wp\/v2\/users\/2"}],"replies":[{"embeddable":true,"href":"https:\/\/www.psv-velbert.de\/index.php?rest_route=%2Fwp%2Fv2%2Fcomments&post=2870"}],"version-history":[{"count":20,"href":"https:\/\/www.psv-velbert.de\/index.php?rest_route=\/wp\/v2\/posts\/2870\/revisions"}],"predecessor-version":[{"id":2895,"href":"https:\/\/www.psv-velbert.de\/index.php?rest_route=\/wp\/v2\/posts\/2870\/revisions\/2895"}],"wp:attachment":[{"href":"https:\/\/www.psv-velbert.de\/index.php?rest_route=%2Fwp%2Fv2%2Fmedia&parent=2870"}],"wp:term":[{"taxonomy":"category","embeddable":true,"href":"https:\/\/www.psv-velbert.de\/index.php?rest_route=%2Fwp%2Fv2%2Fcategories&post=2870"},{"taxonomy":"post_tag","embeddable":true,"href":"https:\/\/www.psv-velbert.de\/index.php?rest_route=%2Fwp%2Fv2%2Ftags&post=2870"}],"curies":[{"name":"wp","href":"https:\/\/api.w.org\/{rel}","templated":true}]}}