{"id":1799,"date":"2011-04-02T09:05:11","date_gmt":"2011-04-02T07:05:11","guid":{"rendered":"http:\/\/www.psv-velbert.de\/?p=1799"},"modified":"2011-04-02T09:05:11","modified_gmt":"2011-04-02T07:05:11","slug":"jahreshauptversammlung-der-abteilung-fitness","status":"publish","type":"post","link":"https:\/\/www.psv-velbert.de\/?p=1799","title":{"rendered":"Jahreshauptversammlung der Abteilung Fitness"},"content":{"rendered":"<p>Am 24. M\u00e4rz fand die diesj\u00e4hrige Jahreshauptversammlung der Fitnessabteilung statt. Abteilungsleiterin Simone Trinkl erl\u00e4uterte den anwesenden Mitgliedern warum das Sportangebot um zwei Trainingstage in der Woche reduziert werden musste. Die Stadt Velbert hat die Nutzungsgeb\u00fchr f\u00fcr die Velberter Sporthallen erheblich angehoben, so dass man sich Ma\u00dfnahmen \u00fcberlegen musste, um eine Beitragserh\u00f6hung abzuwenden. Die ersten Monate dieses Jahres haben gezeigt, dass dies offensichtlich die beste L\u00f6sung gewesen ist. Aufgrund der Neustrukturierung des Trainings hat es bisher keine K\u00fcndigung gegeben, im Gegenteil, es konnten neue Mitglieder gewonnen werden.<\/p>\n<p><a rel=\"attachment wp-att-1800\" href=\"http:\/\/www.psv-velbert.de\/?attachment_id=1800\"><img loading=\"lazy\" decoding=\"async\" class=\"aligncenter size-medium wp-image-1800\" title=\"DSCF5126\" src=\"http:\/\/www.psv-velbert.de\/wp-content\/uploads\/2011\/04\/DSCF5126-300x225.jpg\" alt=\"DSCF5126\" width=\"300\" height=\"225\" srcset=\"https:\/\/www.psv-velbert.de\/wp-content\/uploads\/2011\/04\/DSCF5126-300x225.jpg 300w, https:\/\/www.psv-velbert.de\/wp-content\/uploads\/2011\/04\/DSCF5126-1024x768.jpg 1024w\" sizes=\"auto, (max-width: 300px) 100vw, 300px\" \/><\/a><\/p>\n<p>Zum Abschluss der Versammlung \u00fcberraschte Simone Trinkl ein Mitglied besonders. Das langj\u00e4hrige Vereinsmitglied Peter Chini kann auf eine 35j\u00e4hrige Mitgliedschaft im Post-Sportverein Velbert zur\u00fcck blicken. Simone \u00fcberreichte ihm aus diesem Anlass ein Gutschein f\u00fcr ein gemeinsames Essen mit seiner Frau.<\/p>\nngg_shortcode_0_placeholder\n","protected":false},"excerpt":{"rendered":"<p>Am 24. M\u00e4rz fand die diesj\u00e4hrige Jahreshauptversammlung der Fitnessabteilung statt. Abteilungsleiterin Simone Trinkl erl\u00e4uterte den anwesenden Mitgliedern warum das Sportangebot um zwei Trainingstage in der Woche reduziert werden musste. Die Stadt Velbert hat die Nutzungsgeb\u00fchr f\u00fcr die Velberter Sporthallen erheblich angehoben, so dass man sich Ma\u00dfnahmen \u00fcberlegen musste, um eine Beitragserh\u00f6hung abzuwenden. Die ersten Monate&#8230;<\/p>\n","protected":false},"author":2,"featured_media":0,"comment_status":"closed","ping_status":"closed","sticky":false,"template":"","format":"standard","meta":{"ngg_post_thumbnail":0,"_kad_post_transparent":"","_kad_post_title":"","_kad_post_layout":"","_kad_post_sidebar_id":"","_kad_post_content_style":"","_kad_post_vertical_padding":"","_kad_post_feature":"","_kad_post_feature_position":"","_kad_post_header":false,"_kad_post_footer":false,"_kad_post_classname":"","footnotes":""},"categories":[5],"tags":[],"class_list":["post-1799","post","type-post","status-publish","format-standard","hentry","category-fitness"],"_links":{"self":[{"href":"https:\/\/www.psv-velbert.de\/index.php?rest_route=\/wp\/v2\/posts\/1799","targetHints":{"allow":["GET"]}}],"collection":[{"href":"https:\/\/www.psv-velbert.de\/index.php?rest_route=\/wp\/v2\/posts"}],"about":[{"href":"https:\/\/www.psv-velbert.de\/index.php?rest_route=\/wp\/v2\/types\/post"}],"author":[{"embeddable":true,"href":"https:\/\/www.psv-velbert.de\/index.php?rest_route=\/wp\/v2\/users\/2"}],"replies":[{"embeddable":true,"href":"https:\/\/www.psv-velbert.de\/index.php?rest_route=%2Fwp%2Fv2%2Fcomments&post=1799"}],"version-history":[{"count":10,"href":"https:\/\/www.psv-velbert.de\/index.php?rest_route=\/wp\/v2\/posts\/1799\/revisions"}],"predecessor-version":[{"id":1810,"href":"https:\/\/www.psv-velbert.de\/index.php?rest_route=\/wp\/v2\/posts\/1799\/revisions\/1810"}],"wp:attachment":[{"href":"https:\/\/www.psv-velbert.de\/index.php?rest_route=%2Fwp%2Fv2%2Fmedia&parent=1799"}],"wp:term":[{"taxonomy":"category","embeddable":true,"href":"https:\/\/www.psv-velbert.de\/index.php?rest_route=%2Fwp%2Fv2%2Fcategories&post=1799"},{"taxonomy":"post_tag","embeddable":true,"href":"https:\/\/www.psv-velbert.de\/index.php?rest_route=%2Fwp%2Fv2%2Ftags&post=1799"}],"curies":[{"name":"wp","href":"https:\/\/api.w.org\/{rel}","templated":true}]}}