{"id":1682,"date":"2011-02-07T23:30:34","date_gmt":"2011-02-07T21:30:34","guid":{"rendered":"http:\/\/www.psv-velbert.de\/?p=1682"},"modified":"2011-02-07T23:30:34","modified_gmt":"2011-02-07T21:30:34","slug":"jahreshauptversammlung-2011","status":"publish","type":"post","link":"https:\/\/www.psv-velbert.de\/?p=1682","title":{"rendered":"Jahreshauptversammlung 2011"},"content":{"rendered":"<p><a rel=\"attachment wp-att-1705\" href=\"http:\/\/www.psv-velbert.de\/?attachment_id=1705\"><img loading=\"lazy\" decoding=\"async\" class=\"aligncenter size-full wp-image-1705\" title=\"JHV 03 02 2011 - 2\" src=\"http:\/\/www.psv-velbert.de\/wp-content\/uploads\/2011\/02\/JHV-03-02-2011-2.JPG\" alt=\"JHV 03 02 2011 - 2\" width=\"691\" height=\"387\" srcset=\"https:\/\/www.psv-velbert.de\/wp-content\/uploads\/2011\/02\/JHV-03-02-2011-2.JPG 691w, https:\/\/www.psv-velbert.de\/wp-content\/uploads\/2011\/02\/JHV-03-02-2011-2-300x168.jpg 300w\" sizes=\"auto, (max-width: 691px) 100vw, 691px\" \/><\/a><\/p>\n<p>Die diesj\u00e4hrige Mitgliederversammlung fand am 3. Februar im \u201eHaus des Sports\u201c statt. Nicht einmal 10 Prozent der Mitglieder nahmen an der diesj\u00e4hrigen Veranstaltung teil. Die Anwesenden wurden vom 1. Vorsitzenden Harald Gaude aufs herzlichste begr\u00fc\u00dft. Der Vorstand und die Abteilungsleiter berichteten anschlie\u00dfend \u00fcber die Ereignisse im Verein und in den verschiedenen Abteilungen des zur\u00fcckliegenden Jahres.<\/p>\n<p>Im Verlauf der Veranstaltung wurde der 1. Vorsitzende Harald Gaude und der Kassenwart Sabine Gaude in ihren \u00c4mtern best\u00e4tigt.<\/p>\n<p>Wie bereits angek\u00fcndigt musste auch \u00fcber die Erh\u00f6hung von Sonderbeitr\u00e4gen in einigen Abteilungen abgestimmt werden. Die anwesenden Mitglieder sprachen sie einstimmig f\u00fcr die Erh\u00f6hung der Beitr\u00e4ge r\u00fcckwirkend zum 1. Januar 2011 aus. \u2013 Die Beitr\u00e4ge f\u00fcr das 1. Quartal 2011 werden in den n\u00e4chsten Tagen eingezogen.<\/p>\n<p>Aus finanziellen Gr\u00fcnden wird in diesem Jahr kein Neujahrsempfang stattfinden. \u201eMan kann nicht zum einen die Mitgliedsbeitr\u00e4ge erh\u00f6hen, und gleichzeitig die Mitglieder zu einem Neujahrsempfang einladen, der Kosten verursacht\u201c, begr\u00fcndete Harald Gaude die Entscheidung.<\/p>\n<p>Da in diesem Jahr kein Neujahrsempfang stattfindet, hatte der Erweiterte Vorstand beschlo\u00dfen, die Mitglieder mit einer Vereinzugeh\u00f6rigkeit von vierzig und f\u00fcnfzig Jahren w\u00e4hrend der Jahreshauptversammlung zu ehren. Die Mitglieder mit einer Vereinzugeh\u00f6rigkeit von f\u00fcnfundzwanzig Jahren werden in diesem Jahr auf den Mitgliederversammlungen der Abteilungen geehrt.<\/p>\n<p><span style=\"text-decoration: underline;\">Folgende Jubilare waren anwesend, und wurden geehrt:<\/span><\/p>\n<p>Wolfgang Otte, Fu\u00dfball, 40 Jahre<br \/>\nHeinz Formella, Sportsch\u00fctzen, 40 Jahre<br \/>\nDetlef Schubert, Tennis, 50 Jahre<\/p>\n","protected":false},"excerpt":{"rendered":"<p>Die diesj\u00e4hrige Mitgliederversammlung fand am 3. Februar im \u201eHaus des Sports\u201c statt. Nicht einmal 10 Prozent der Mitglieder nahmen an der diesj\u00e4hrigen Veranstaltung teil. Die Anwesenden wurden vom 1. Vorsitzenden Harald Gaude aufs herzlichste begr\u00fc\u00dft. Der Vorstand und die Abteilungsleiter berichteten anschlie\u00dfend \u00fcber die Ereignisse im Verein und in den verschiedenen Abteilungen des zur\u00fcckliegenden Jahres&#8230;.<\/p>\n","protected":false},"author":2,"featured_media":0,"comment_status":"closed","ping_status":"closed","sticky":false,"template":"","format":"standard","meta":{"ngg_post_thumbnail":0,"_kad_post_transparent":"","_kad_post_title":"","_kad_post_layout":"","_kad_post_sidebar_id":"","_kad_post_content_style":"","_kad_post_vertical_padding":"","_kad_post_feature":"","_kad_post_feature_position":"","_kad_post_header":false,"_kad_post_footer":false,"_kad_post_classname":"","footnotes":""},"categories":[1],"tags":[],"class_list":["post-1682","post","type-post","status-publish","format-standard","hentry","category-allgemein"],"_links":{"self":[{"href":"https:\/\/www.psv-velbert.de\/index.php?rest_route=\/wp\/v2\/posts\/1682","targetHints":{"allow":["GET"]}}],"collection":[{"href":"https:\/\/www.psv-velbert.de\/index.php?rest_route=\/wp\/v2\/posts"}],"about":[{"href":"https:\/\/www.psv-velbert.de\/index.php?rest_route=\/wp\/v2\/types\/post"}],"author":[{"embeddable":true,"href":"https:\/\/www.psv-velbert.de\/index.php?rest_route=\/wp\/v2\/users\/2"}],"replies":[{"embeddable":true,"href":"https:\/\/www.psv-velbert.de\/index.php?rest_route=%2Fwp%2Fv2%2Fcomments&post=1682"}],"version-history":[{"count":30,"href":"https:\/\/www.psv-velbert.de\/index.php?rest_route=\/wp\/v2\/posts\/1682\/revisions"}],"predecessor-version":[{"id":1716,"href":"https:\/\/www.psv-velbert.de\/index.php?rest_route=\/wp\/v2\/posts\/1682\/revisions\/1716"}],"wp:attachment":[{"href":"https:\/\/www.psv-velbert.de\/index.php?rest_route=%2Fwp%2Fv2%2Fmedia&parent=1682"}],"wp:term":[{"taxonomy":"category","embeddable":true,"href":"https:\/\/www.psv-velbert.de\/index.php?rest_route=%2Fwp%2Fv2%2Fcategories&post=1682"},{"taxonomy":"post_tag","embeddable":true,"href":"https:\/\/www.psv-velbert.de\/index.php?rest_route=%2Fwp%2Fv2%2Ftags&post=1682"}],"curies":[{"name":"wp","href":"https:\/\/api.w.org\/{rel}","templated":true}]}}